{"id":1076,"date":"2025-04-16T08:24:30","date_gmt":"2025-04-16T06:24:30","guid":{"rendered":"https:\/\/pcp.si\/?p=1076"},"modified":"2025-06-26T08:59:13","modified_gmt":"2025-06-26T06:59:13","slug":"poletni-plezalni-tabor","status":"publish","type":"post","link":"https:\/\/pcp.si\/index.php\/2025\/04\/16\/poletni-plezalni-tabor\/","title":{"rendered":"Poletni plezalni tabor"},"content":{"rendered":"<p><img fetchpriority=\"high\" decoding=\"async\" class=\"alignnone wp-image-1077 size-large\" src=\"https:\/\/pcp.si\/wp-content\/uploads\/2025\/04\/PlezalniTaborA3-724x1024.jpeg\" alt=\"\" width=\"724\" height=\"1024\" srcset=\"https:\/\/pcp.si\/wp-content\/uploads\/2025\/04\/PlezalniTaborA3-724x1024.jpeg 724w, https:\/\/pcp.si\/wp-content\/uploads\/2025\/04\/PlezalniTaborA3-212x300.jpeg 212w, https:\/\/pcp.si\/wp-content\/uploads\/2025\/04\/PlezalniTaborA3-768x1086.jpeg 768w, https:\/\/pcp.si\/wp-content\/uploads\/2025\/04\/PlezalniTaborA3.jpeg 870w\" sizes=\"(max-width: 724px) 100vw, 724px\" \/><\/p>\n<p><strong>POLETNI PLEZALNI TABOR V PLEZALNEM CENTRU PREVALJE<\/strong><\/p>\n<p>\uf0b7 dvoransko in skalno plezanje<br \/>\n\uf0b7 adrenalinska in dru\u017eabna do\u017eivetja<br \/>\n\uf0b7 obisk rudnika Me\u017eica<\/p>\n<p><strong>KOMU JE TABOR NAMENJEN?<\/strong><br \/>\n\uf0b7 otrokom od 10. do 15. leta<br \/>\n\uf0b7 rekreativne plezalce in tekmovalce do nivoja 7a<\/p>\n<p><strong>PROGRAM:<\/strong><br \/>\nNa petdnevnem plezalnem taboru bomo spoznavali in krepili ve\u0161\u010dine balvanskega in<br \/>\nte\u017eavnostnega plezanja v Plezalnem centru Prevalje. Pridobljeno plezalno znanje<br \/>\nbomo prenesli v naravo, kjer se bodo otroci lahko preizkusili tudi v skalnih smereh<br \/>\nokoli\u0161kih plezali\u0161\u010d.<br \/>\nProgram bomo dopolnili z razli\u010dnimi atraktivnimi gibalnimi igrami, sprehodi\/pohodi,<br \/>\nspustom po najdalj\u0161em ziplinu v Sloveniji (\u010crna na Koro\u0161kem), kopanjem na bazenu<br \/>\nRavne na Koro\u0161kem, obiskom rudnika Me\u017eica, ustvarjanjem in razli\u010dnimi dru\u017eabnimi<br \/>\naktivnostmi, ki bodo vzpodbudile medsebojno sodelovanje in \u0161e bolj okrepile<br \/>\nprijateljske vezi.<br \/>\nTabor je namenjen predvsem povezovanju in \u0161portnemu dru\u017eenju, poudarek pa je na<br \/>\npremikanju plezalne lestvice, premagovanju izzivov, strahu ter razumevanju pomena<br \/>\npravilnega in suverenega rokovanja z opremo in vrvjo, plezalnih manevrov, ki so nujni<br \/>\nza varno pomikanje po vertikali.<br \/>\n*Pri izvedbi programa lahko pride do odstopanj, saj se bomo prilagajali vremenskim<br \/>\nrazmeram.<\/p>\n<p><strong>NASTANITEV:<\/strong><br \/>\n5-dnevni plezalni tabor bo potekal od ponedeljka dopoldan do petka popoldan (to\u010dne<br \/>\nure javimo naknadno).<br \/>\nOtroci bodo spali na blazinah v plezalnem centru (potrebujejo le spalno vre\u010do in<br \/>\nvzglavnik). Za varnost in dobro po\u010dutje bo dan in no\u010d skrbela izku\u0161ena vaditeljica,<br \/>\nmed ostalimi dejavnostmi pa se ji bodo glede na vrsto aktivnosti pridru\u017eili \u0161e drugi<br \/>\nvaditelji.<\/p>\n<p><strong>OPREMA:<\/strong><br \/>\nPoleg spalne vre\u010de in vzglavnika lahko imajo otroci tudi podlogo za spanje.<br \/>\nPriporo\u010dljiva je osebna plezalna oprema (plezalke, pas, magnezij vre\u010dka in plezalna<br \/>\n\u010delada; v kolikor imate tudi vrv in plezalne sisteme, to prinesite s seboj). Vso opremo<br \/>\nsi lahko udele\u017eenci tudi izposodijo pri nas. Obvezno morajo imeti s seboj \u0161e<br \/>\nstekleni\u010dko\/plastenko za pija\u010do in zdravstveno izkaznico.<\/p>\n<p><strong>TERMINI:<\/strong><br \/>\n\uf0b7 4. do 8. avgust 2025<\/p>\n<p><strong>CENA:<\/strong><br \/>\nCena tabora je 450 \u20ac na otroka in zajema 4 no\u010ditve, 5-dnevni razgiban program, vse<br \/>\nvstopnine, prehrano (zajtrk, kosilo, ve\u010derja in dve vmesni malici) ter vso potrebno<br \/>\n\u0161portno opremo.<\/p>\n<p><strong>PRIJAVE:<\/strong><br \/>\ninfo@pcp.si<\/p>\n<p>Po predprijavi prek maila prejmete prijavni obrazec.<br \/>\nZa potrditev rezervacije je potrebno pla\u010dilo akontacije (225 \u20ac).<br \/>\nPreostali znesek je potrebno poravnati najkasneje 3 dni pred za\u010detkom tabora na<br \/>\ntransakcijski ra\u010dun Koro\u0161kega plezalnega kluba Prevalje.<\/p>\n<p><strong>PODATKI ZA NAKAZILO AKONTACIJE:<\/strong><br \/>\nKoro\u0161ki plezalni klub Prevalje<br \/>\nPolje 4<br \/>\n2391 Prevalje<\/p>\n<p>TRR: SI56 6100 0002 8710 989 (Delavska hranilnica d.d. Ljubljana)<br \/>\nNamen: TABOR, ime in priimek udele\u017eenca<\/p>\n<p>Rok za prijavo na 1. termin je do 27. 6. 2025, na 2. termin pa do 25. 7. 2025.<br \/>\n\u0160tevilo udele\u017eencev je omejeno na 14 otrok. Tabor bo organiziran le v primeru<br \/>\nzadostnega \u0161tevila prijav.<\/p>\n<p><strong>ODPOVEDI<\/strong><\/p>\n<p>V primeru preklica prijave na podlagi zdravni\u0161kega opravi\u010dila vsaj 10 dni pred<br \/>\npri\u010detkom tabora, vam akontacijo vrnemo. V kolikor tabor odpoveste manj kot 10 dni<br \/>\npred za\u010detkom tabora, akontacije ne vra\u010damo.<br \/>\nV kolikor zaradi nepredvidenih okoli\u0161\u010din tabor odpove izvajalec, vas o tem<br \/>\npravo\u010dasno obvestimo in vam vrnemo prijavnino.<\/p>\n<p>Se vidimo na taboru!<\/p>\n","protected":false},"excerpt":{"rendered":"<p>POLETNI PLEZALNI TABOR V PLEZALNEM CENTRU PREVALJE \uf0b7 dvoransko in skalno plezanje \uf0b7 adrenalinska in dru\u017eabna do\u017eivetja \uf0b7 obisk rudnika Me\u017eica KOMU JE TABOR NAMENJEN? \uf0b7 otrokom od 10. do 15. leta \uf0b7 rekreativne plezalce in tekmovalce do nivoja 7a PROGRAM: Na petdnevnem plezalnem taboru bomo spoznavali in krepili ve\u0161\u010dine balvanskega in te\u017eavnostnega plezanja v [&hellip;]<\/p>\n","protected":false},"author":2,"featured_media":1077,"comment_status":"open","ping_status":"open","sticky":false,"template":"","format":"standard","meta":{"_acf_changed":false,"footnotes":""},"categories":[8],"tags":[],"class_list":["post-1076","post","type-post","status-publish","format-standard","has-post-thumbnail","hentry","category-novice"],"acf":[],"yoast_head":"<!-- This site is optimized with the Yoast SEO plugin v27.1.1 - https:\/\/yoast.com\/product\/yoast-seo-wordpress\/ -->\n<title>Poletni plezalni tabor - Plezalni center Prevalje<\/title>\n<meta name=\"robots\" content=\"index, follow, max-snippet:-1, max-image-preview:large, max-video-preview:-1\" \/>\n<link rel=\"canonical\" href=\"https:\/\/pcp.si\/index.php\/2025\/04\/16\/poletni-plezalni-tabor\/\" \/>\n<meta property=\"og:locale\" content=\"sl_SI\" \/>\n<meta property=\"og:type\" content=\"article\" \/>\n<meta property=\"og:title\" content=\"Poletni plezalni tabor - Plezalni center Prevalje\" \/>\n<meta property=\"og:description\" content=\"POLETNI PLEZALNI TABOR V PLEZALNEM CENTRU PREVALJE \uf0b7 dvoransko in skalno plezanje \uf0b7 adrenalinska in dru\u017eabna do\u017eivetja \uf0b7 obisk rudnika Me\u017eica KOMU JE TABOR NAMENJEN? \uf0b7 otrokom od 10. do 15. leta \uf0b7 rekreativne plezalce in tekmovalce do nivoja 7a PROGRAM: Na petdnevnem plezalnem taboru bomo spoznavali in krepili ve\u0161\u010dine balvanskega in te\u017eavnostnega plezanja v [&hellip;]\" \/>\n<meta property=\"og:url\" content=\"https:\/\/pcp.si\/index.php\/2025\/04\/16\/poletni-plezalni-tabor\/\" \/>\n<meta property=\"og:site_name\" content=\"Plezalni center Prevalje\" \/>\n<meta property=\"article:publisher\" content=\"https:\/\/www.facebook.com\/profile.php?id=100093336744687\" \/>\n<meta property=\"article:published_time\" content=\"2025-04-16T06:24:30+00:00\" \/>\n<meta property=\"article:modified_time\" content=\"2025-06-26T06:59:13+00:00\" \/>\n<meta property=\"og:image\" content=\"https:\/\/pcp.si\/wp-content\/uploads\/2025\/04\/PlezalniTaborA3.jpeg\" \/>\n\t<meta property=\"og:image:width\" content=\"870\" \/>\n\t<meta property=\"og:image:height\" content=\"1230\" \/>\n\t<meta property=\"og:image:type\" content=\"image\/jpeg\" \/>\n<meta name=\"author\" content=\"Davo Mihev\" \/>\n<meta name=\"twitter:card\" content=\"summary_large_image\" \/>\n<meta name=\"twitter:label1\" content=\"Written by\" \/>\n\t<meta name=\"twitter:data1\" content=\"Davo Mihev\" \/>\n\t<meta name=\"twitter:label2\" content=\"Est. reading time\" \/>\n\t<meta name=\"twitter:data2\" content=\"4 minute\" \/>\n<script type=\"application\/ld+json\" class=\"yoast-schema-graph\">{\"@context\":\"https:\/\/schema.org\",\"@graph\":[{\"@type\":\"Article\",\"@id\":\"https:\/\/pcp.si\/index.php\/2025\/04\/16\/poletni-plezalni-tabor\/#article\",\"isPartOf\":{\"@id\":\"https:\/\/pcp.si\/index.php\/2025\/04\/16\/poletni-plezalni-tabor\/\"},\"author\":{\"name\":\"Davo Mihev\",\"@id\":\"https:\/\/pcp.si\/#\/schema\/person\/37cb81599363f0ed87e320b357973aea\"},\"headline\":\"Poletni plezalni tabor\",\"datePublished\":\"2025-04-16T06:24:30+00:00\",\"dateModified\":\"2025-06-26T06:59:13+00:00\",\"mainEntityOfPage\":{\"@id\":\"https:\/\/pcp.si\/index.php\/2025\/04\/16\/poletni-plezalni-tabor\/\"},\"wordCount\":491,\"commentCount\":0,\"publisher\":{\"@id\":\"https:\/\/pcp.si\/#organization\"},\"image\":{\"@id\":\"https:\/\/pcp.si\/index.php\/2025\/04\/16\/poletni-plezalni-tabor\/#primaryimage\"},\"thumbnailUrl\":\"https:\/\/pcp.si\/wp-content\/uploads\/2025\/04\/PlezalniTaborA3.jpeg\",\"articleSection\":[\"Novice\"],\"inLanguage\":\"sl-SI\",\"potentialAction\":[{\"@type\":\"CommentAction\",\"name\":\"Comment\",\"target\":[\"https:\/\/pcp.si\/index.php\/2025\/04\/16\/poletni-plezalni-tabor\/#respond\"]}]},{\"@type\":\"WebPage\",\"@id\":\"https:\/\/pcp.si\/index.php\/2025\/04\/16\/poletni-plezalni-tabor\/\",\"url\":\"https:\/\/pcp.si\/index.php\/2025\/04\/16\/poletni-plezalni-tabor\/\",\"name\":\"Poletni plezalni tabor - Plezalni center Prevalje\",\"isPartOf\":{\"@id\":\"https:\/\/pcp.si\/#website\"},\"primaryImageOfPage\":{\"@id\":\"https:\/\/pcp.si\/index.php\/2025\/04\/16\/poletni-plezalni-tabor\/#primaryimage\"},\"image\":{\"@id\":\"https:\/\/pcp.si\/index.php\/2025\/04\/16\/poletni-plezalni-tabor\/#primaryimage\"},\"thumbnailUrl\":\"https:\/\/pcp.si\/wp-content\/uploads\/2025\/04\/PlezalniTaborA3.jpeg\",\"datePublished\":\"2025-04-16T06:24:30+00:00\",\"dateModified\":\"2025-06-26T06:59:13+00:00\",\"breadcrumb\":{\"@id\":\"https:\/\/pcp.si\/index.php\/2025\/04\/16\/poletni-plezalni-tabor\/#breadcrumb\"},\"inLanguage\":\"sl-SI\",\"potentialAction\":[{\"@type\":\"ReadAction\",\"target\":[\"https:\/\/pcp.si\/index.php\/2025\/04\/16\/poletni-plezalni-tabor\/\"]}]},{\"@type\":\"ImageObject\",\"inLanguage\":\"sl-SI\",\"@id\":\"https:\/\/pcp.si\/index.php\/2025\/04\/16\/poletni-plezalni-tabor\/#primaryimage\",\"url\":\"https:\/\/pcp.si\/wp-content\/uploads\/2025\/04\/PlezalniTaborA3.jpeg\",\"contentUrl\":\"https:\/\/pcp.si\/wp-content\/uploads\/2025\/04\/PlezalniTaborA3.jpeg\",\"width\":870,\"height\":1230},{\"@type\":\"BreadcrumbList\",\"@id\":\"https:\/\/pcp.si\/index.php\/2025\/04\/16\/poletni-plezalni-tabor\/#breadcrumb\",\"itemListElement\":[{\"@type\":\"ListItem\",\"position\":1,\"name\":\"Domov\",\"item\":\"https:\/\/pcp.si\/\"},{\"@type\":\"ListItem\",\"position\":2,\"name\":\"Poletni plezalni tabor\"}]},{\"@type\":\"WebSite\",\"@id\":\"https:\/\/pcp.si\/#website\",\"url\":\"https:\/\/pcp.si\/\",\"name\":\"Plezalni center Prevalje\",\"description\":\"\",\"publisher\":{\"@id\":\"https:\/\/pcp.si\/#organization\"},\"alternateName\":\"Mo\u010d in vztrajnost v vertikalnem svetu.\",\"potentialAction\":[{\"@type\":\"SearchAction\",\"target\":{\"@type\":\"EntryPoint\",\"urlTemplate\":\"https:\/\/pcp.si\/?s={search_term_string}\"},\"query-input\":{\"@type\":\"PropertyValueSpecification\",\"valueRequired\":true,\"valueName\":\"search_term_string\"}}],\"inLanguage\":\"sl-SI\"},{\"@type\":\"Organization\",\"@id\":\"https:\/\/pcp.si\/#organization\",\"name\":\"Plezalni center Prevalje\",\"alternateName\":\"PCP\",\"url\":\"https:\/\/pcp.si\/\",\"logo\":{\"@type\":\"ImageObject\",\"inLanguage\":\"sl-SI\",\"@id\":\"https:\/\/pcp.si\/#\/schema\/logo\/image\/\",\"url\":\"https:\/\/pcp.si\/wp-content\/uploads\/2024\/02\/pcp-logo.webp\",\"contentUrl\":\"https:\/\/pcp.si\/wp-content\/uploads\/2024\/02\/pcp-logo.webp\",\"width\":501,\"height\":500,\"caption\":\"Plezalni center Prevalje\"},\"image\":{\"@id\":\"https:\/\/pcp.si\/#\/schema\/logo\/image\/\"},\"sameAs\":[\"https:\/\/www.facebook.com\/profile.php?id=100093336744687\"]},{\"@type\":\"Person\",\"@id\":\"https:\/\/pcp.si\/#\/schema\/person\/37cb81599363f0ed87e320b357973aea\",\"name\":\"Davo Mihev\",\"image\":{\"@type\":\"ImageObject\",\"inLanguage\":\"sl-SI\",\"@id\":\"https:\/\/pcp.si\/#\/schema\/person\/image\/\",\"url\":\"https:\/\/secure.gravatar.com\/avatar\/129b229c7168d50fd43f7b661f0177b032da26ad1ff9b88bfbceebc29993762c?s=96&d=mm&r=g\",\"contentUrl\":\"https:\/\/secure.gravatar.com\/avatar\/129b229c7168d50fd43f7b661f0177b032da26ad1ff9b88bfbceebc29993762c?s=96&d=mm&r=g\",\"caption\":\"Davo Mihev\"},\"url\":\"https:\/\/pcp.si\/index.php\/author\/davo-mihev\/\"}]}<\/script>\n<!-- \/ Yoast SEO plugin. -->","yoast_head_json":{"title":"Poletni plezalni tabor - Plezalni center Prevalje","robots":{"index":"index","follow":"follow","max-snippet":"max-snippet:-1","max-image-preview":"max-image-preview:large","max-video-preview":"max-video-preview:-1"},"canonical":"https:\/\/pcp.si\/index.php\/2025\/04\/16\/poletni-plezalni-tabor\/","og_locale":"sl_SI","og_type":"article","og_title":"Poletni plezalni tabor - Plezalni center Prevalje","og_description":"POLETNI PLEZALNI TABOR V PLEZALNEM CENTRU PREVALJE \uf0b7 dvoransko in skalno plezanje \uf0b7 adrenalinska in dru\u017eabna do\u017eivetja \uf0b7 obisk rudnika Me\u017eica KOMU JE TABOR NAMENJEN? \uf0b7 otrokom od 10. do 15. leta \uf0b7 rekreativne plezalce in tekmovalce do nivoja 7a PROGRAM: Na petdnevnem plezalnem taboru bomo spoznavali in krepili ve\u0161\u010dine balvanskega in te\u017eavnostnega plezanja v [&hellip;]","og_url":"https:\/\/pcp.si\/index.php\/2025\/04\/16\/poletni-plezalni-tabor\/","og_site_name":"Plezalni center Prevalje","article_publisher":"https:\/\/www.facebook.com\/profile.php?id=100093336744687","article_published_time":"2025-04-16T06:24:30+00:00","article_modified_time":"2025-06-26T06:59:13+00:00","og_image":[{"width":870,"height":1230,"url":"https:\/\/pcp.si\/wp-content\/uploads\/2025\/04\/PlezalniTaborA3.jpeg","type":"image\/jpeg"}],"author":"Davo Mihev","twitter_card":"summary_large_image","twitter_misc":{"Written by":"Davo Mihev","Est. reading time":"4 minute"},"schema":{"@context":"https:\/\/schema.org","@graph":[{"@type":"Article","@id":"https:\/\/pcp.si\/index.php\/2025\/04\/16\/poletni-plezalni-tabor\/#article","isPartOf":{"@id":"https:\/\/pcp.si\/index.php\/2025\/04\/16\/poletni-plezalni-tabor\/"},"author":{"name":"Davo Mihev","@id":"https:\/\/pcp.si\/#\/schema\/person\/37cb81599363f0ed87e320b357973aea"},"headline":"Poletni plezalni tabor","datePublished":"2025-04-16T06:24:30+00:00","dateModified":"2025-06-26T06:59:13+00:00","mainEntityOfPage":{"@id":"https:\/\/pcp.si\/index.php\/2025\/04\/16\/poletni-plezalni-tabor\/"},"wordCount":491,"commentCount":0,"publisher":{"@id":"https:\/\/pcp.si\/#organization"},"image":{"@id":"https:\/\/pcp.si\/index.php\/2025\/04\/16\/poletni-plezalni-tabor\/#primaryimage"},"thumbnailUrl":"https:\/\/pcp.si\/wp-content\/uploads\/2025\/04\/PlezalniTaborA3.jpeg","articleSection":["Novice"],"inLanguage":"sl-SI","potentialAction":[{"@type":"CommentAction","name":"Comment","target":["https:\/\/pcp.si\/index.php\/2025\/04\/16\/poletni-plezalni-tabor\/#respond"]}]},{"@type":"WebPage","@id":"https:\/\/pcp.si\/index.php\/2025\/04\/16\/poletni-plezalni-tabor\/","url":"https:\/\/pcp.si\/index.php\/2025\/04\/16\/poletni-plezalni-tabor\/","name":"Poletni plezalni tabor - Plezalni center Prevalje","isPartOf":{"@id":"https:\/\/pcp.si\/#website"},"primaryImageOfPage":{"@id":"https:\/\/pcp.si\/index.php\/2025\/04\/16\/poletni-plezalni-tabor\/#primaryimage"},"image":{"@id":"https:\/\/pcp.si\/index.php\/2025\/04\/16\/poletni-plezalni-tabor\/#primaryimage"},"thumbnailUrl":"https:\/\/pcp.si\/wp-content\/uploads\/2025\/04\/PlezalniTaborA3.jpeg","datePublished":"2025-04-16T06:24:30+00:00","dateModified":"2025-06-26T06:59:13+00:00","breadcrumb":{"@id":"https:\/\/pcp.si\/index.php\/2025\/04\/16\/poletni-plezalni-tabor\/#breadcrumb"},"inLanguage":"sl-SI","potentialAction":[{"@type":"ReadAction","target":["https:\/\/pcp.si\/index.php\/2025\/04\/16\/poletni-plezalni-tabor\/"]}]},{"@type":"ImageObject","inLanguage":"sl-SI","@id":"https:\/\/pcp.si\/index.php\/2025\/04\/16\/poletni-plezalni-tabor\/#primaryimage","url":"https:\/\/pcp.si\/wp-content\/uploads\/2025\/04\/PlezalniTaborA3.jpeg","contentUrl":"https:\/\/pcp.si\/wp-content\/uploads\/2025\/04\/PlezalniTaborA3.jpeg","width":870,"height":1230},{"@type":"BreadcrumbList","@id":"https:\/\/pcp.si\/index.php\/2025\/04\/16\/poletni-plezalni-tabor\/#breadcrumb","itemListElement":[{"@type":"ListItem","position":1,"name":"Domov","item":"https:\/\/pcp.si\/"},{"@type":"ListItem","position":2,"name":"Poletni plezalni tabor"}]},{"@type":"WebSite","@id":"https:\/\/pcp.si\/#website","url":"https:\/\/pcp.si\/","name":"Plezalni center Prevalje","description":"","publisher":{"@id":"https:\/\/pcp.si\/#organization"},"alternateName":"Mo\u010d in vztrajnost v vertikalnem svetu.","potentialAction":[{"@type":"SearchAction","target":{"@type":"EntryPoint","urlTemplate":"https:\/\/pcp.si\/?s={search_term_string}"},"query-input":{"@type":"PropertyValueSpecification","valueRequired":true,"valueName":"search_term_string"}}],"inLanguage":"sl-SI"},{"@type":"Organization","@id":"https:\/\/pcp.si\/#organization","name":"Plezalni center Prevalje","alternateName":"PCP","url":"https:\/\/pcp.si\/","logo":{"@type":"ImageObject","inLanguage":"sl-SI","@id":"https:\/\/pcp.si\/#\/schema\/logo\/image\/","url":"https:\/\/pcp.si\/wp-content\/uploads\/2024\/02\/pcp-logo.webp","contentUrl":"https:\/\/pcp.si\/wp-content\/uploads\/2024\/02\/pcp-logo.webp","width":501,"height":500,"caption":"Plezalni center Prevalje"},"image":{"@id":"https:\/\/pcp.si\/#\/schema\/logo\/image\/"},"sameAs":["https:\/\/www.facebook.com\/profile.php?id=100093336744687"]},{"@type":"Person","@id":"https:\/\/pcp.si\/#\/schema\/person\/37cb81599363f0ed87e320b357973aea","name":"Davo Mihev","image":{"@type":"ImageObject","inLanguage":"sl-SI","@id":"https:\/\/pcp.si\/#\/schema\/person\/image\/","url":"https:\/\/secure.gravatar.com\/avatar\/129b229c7168d50fd43f7b661f0177b032da26ad1ff9b88bfbceebc29993762c?s=96&d=mm&r=g","contentUrl":"https:\/\/secure.gravatar.com\/avatar\/129b229c7168d50fd43f7b661f0177b032da26ad1ff9b88bfbceebc29993762c?s=96&d=mm&r=g","caption":"Davo Mihev"},"url":"https:\/\/pcp.si\/index.php\/author\/davo-mihev\/"}]}},"_links":{"self":[{"href":"https:\/\/pcp.si\/index.php\/wp-json\/wp\/v2\/posts\/1076","targetHints":{"allow":["GET"]}}],"collection":[{"href":"https:\/\/pcp.si\/index.php\/wp-json\/wp\/v2\/posts"}],"about":[{"href":"https:\/\/pcp.si\/index.php\/wp-json\/wp\/v2\/types\/post"}],"author":[{"embeddable":true,"href":"https:\/\/pcp.si\/index.php\/wp-json\/wp\/v2\/users\/2"}],"replies":[{"embeddable":true,"href":"https:\/\/pcp.si\/index.php\/wp-json\/wp\/v2\/comments?post=1076"}],"version-history":[{"count":4,"href":"https:\/\/pcp.si\/index.php\/wp-json\/wp\/v2\/posts\/1076\/revisions"}],"predecessor-version":[{"id":1105,"href":"https:\/\/pcp.si\/index.php\/wp-json\/wp\/v2\/posts\/1076\/revisions\/1105"}],"wp:featuredmedia":[{"embeddable":true,"href":"https:\/\/pcp.si\/index.php\/wp-json\/wp\/v2\/media\/1077"}],"wp:attachment":[{"href":"https:\/\/pcp.si\/index.php\/wp-json\/wp\/v2\/media?parent=1076"}],"wp:term":[{"taxonomy":"category","embeddable":true,"href":"https:\/\/pcp.si\/index.php\/wp-json\/wp\/v2\/categories?post=1076"},{"taxonomy":"post_tag","embeddable":true,"href":"https:\/\/pcp.si\/index.php\/wp-json\/wp\/v2\/tags?post=1076"}],"curies":[{"name":"wp","href":"https:\/\/api.w.org\/{rel}","templated":true}]}}